{"id":571,"date":"2026-04-24T22:43:21","date_gmt":"2026-04-24T19:43:21","guid":{"rendered":"https:\/\/african.ro\/?p=571"},"modified":"2026-04-24T22:43:21","modified_gmt":"2026-04-24T19:43:21","slug":"reportaj-transilvania-policroma-despre-ziua-africii-2024-tvr-cluj","status":"publish","type":"post","link":"https:\/\/african.ro\/?p=571","title":{"rendered":"Reportaj Transilvania Policrom\u0103 despre Ziua Africii 2024 &#8211; TVR Cluj"},"content":{"rendered":"\n<p><img loading=\"lazy\" decoding=\"async\" height=\"16\" width=\"16\" src=\"https:\/\/static.xx.fbcdn.net\/images\/emoji.php\/v9\/te5\/1\/16\/1f1f7_1f1f4.png\" alt=\"\ud83c\uddf7\ud83c\uddf4\"> Iat\u0103 un video realizat de prietenii no\u0219tri de la Transilvania Policrom\u0103 TVR Cluj\/TVR 3 care au surprins momentele celei de-a 10-a edi\u021bii a evenimentului \u00een Cluj<img loading=\"lazy\" decoding=\"async\" height=\"16\" width=\"16\" src=\"https:\/\/static.xx.fbcdn.net\/images\/emoji.php\/v9\/t5f\/1\/16\/1f4f9.png\" alt=\"\ud83d\udcf9\"><img loading=\"lazy\" decoding=\"async\" height=\"16\" width=\"16\" src=\"https:\/\/static.xx.fbcdn.net\/images\/emoji.php\/v9\/tff\/1\/16\/1f3a5.png\" alt=\"\ud83c\udfa5\"><br>Mul\u021bumiri \u00eentregii echipe Transilvania Policrom\u0103 \u0219i \u00een special Mariei Cinar-Jiga \u0219i Izabella Veibel pentru sprijinul \u0219i prezen\u021ba de fiecare dat\u0103 <img loading=\"lazy\" decoding=\"async\" height=\"16\" width=\"16\" src=\"https:\/\/static.xx.fbcdn.net\/images\/emoji.php\/v9\/tea\/1\/16\/1f970.png\" alt=\"\ud83e\udd70\"><\/p>\n\n\n\n<p><img loading=\"lazy\" decoding=\"async\" height=\"16\" width=\"16\" src=\"https:\/\/static.xx.fbcdn.net\/images\/emoji.php\/v9\/t96\/1\/16\/1f1ec_1f1e7.png\" alt=\"\ud83c\uddec\ud83c\udde7\"> Here is a video produced by our friends from Transilvania Policrom\u0103 TVR Cluj\/TVR 3 who captured the moments of the 10th edition of the event in Clujn<img loading=\"lazy\" decoding=\"async\" height=\"16\" width=\"16\" src=\"https:\/\/static.xx.fbcdn.net\/images\/emoji.php\/v9\/t5f\/1\/16\/1f4f9.png\" alt=\"\ud83d\udcf9\"><img loading=\"lazy\" decoding=\"async\" height=\"16\" width=\"16\" src=\"https:\/\/static.xx.fbcdn.net\/images\/emoji.php\/v9\/tff\/1\/16\/1f3a5.png\" alt=\"\ud83c\udfa5\"><br>Special thanks to the Transilvania Policrom\u0103 team and especially to Maria Cinar-Jiga and Izabella Veibel for their support and presence every time <img loading=\"lazy\" decoding=\"async\" height=\"16\" width=\"16\" src=\"https:\/\/static.xx.fbcdn.net\/images\/emoji.php\/v9\/tea\/1\/16\/1f970.png\" alt=\"\ud83e\udd70\"><\/p>\n\n\n\n<p><img loading=\"lazy\" decoding=\"async\" height=\"16\" width=\"16\" src=\"https:\/\/static.xx.fbcdn.net\/images\/emoji.php\/v9\/t74\/1\/16\/1f1eb_1f1f7.png\" alt=\"\ud83c\uddeb\ud83c\uddf7\"> Voici une vid\u00e9o r\u00e9alis\u00e9e par nos amis de Transilvania Policrom\u0103 TVR Cluj\/TVR 3 qui ont captur\u00e9 les moments de la 10e \u00e9dition de l&#8217;\u00e9v\u00e9nement \u00e0 Cluj<img loading=\"lazy\" decoding=\"async\" height=\"16\" width=\"16\" src=\"https:\/\/static.xx.fbcdn.net\/images\/emoji.php\/v9\/t5f\/1\/16\/1f4f9.png\" alt=\"\ud83d\udcf9\"><img loading=\"lazy\" decoding=\"async\" height=\"16\" width=\"16\" src=\"https:\/\/static.xx.fbcdn.net\/images\/emoji.php\/v9\/tff\/1\/16\/1f3a5.png\" alt=\"\ud83c\udfa5\"><br>Speciales remerciements \u00e0 toute l&#8217;\u00e9quipe de Transilvania Policrom\u0103 et surtout \u00e0 Maria Cinar-Jiga et Izabella Veibel pour leur soutien et leur pr\u00e9sence \u00e0 chaque fois <img loading=\"lazy\" decoding=\"async\" height=\"16\" width=\"16\" src=\"https:\/\/static.xx.fbcdn.net\/images\/emoji.php\/v9\/tea\/1\/16\/1f970.png\" alt=\"\ud83e\udd70\"><\/p>\n\n\n\n<figure class=\"wp-block-embed is-type-video is-provider-youtube wp-block-embed-youtube wp-embed-aspect-16-9 wp-has-aspect-ratio\"><div class=\"wp-block-embed__wrapper\">\n<iframe loading=\"lazy\" title=\"Comunitatea african\u0103 din Cluj - Ziua Africii\" width=\"960\" height=\"540\" src=\"https:\/\/www.youtube.com\/embed\/HJDdr4V75bk?feature=oembed\" frameborder=\"0\" allow=\"accelerometer; autoplay; clipboard-write; encrypted-media; gyroscope; picture-in-picture; web-share\" referrerpolicy=\"strict-origin-when-cross-origin\" allowfullscreen><\/iframe>\n<\/div><\/figure>\n","protected":false},"excerpt":{"rendered":"<p>Iat\u0103 un video realizat de prietenii no\u0219tri de la Transilvania Policrom\u0103 TVR Cluj\/TVR 3 care au surprins momentele celei de-a 10-a edi\u021bii a evenimentului \u00een ClujMul\u021bumiri \u00eentregii echipe Transilvania Policrom\u0103 \u0219i \u00een special Mariei Cinar-Jiga \u0219i Izabella Veibel pentru sprijinul \u0219i prezen\u021ba de fiecare dat\u0103 Here is a video produced by our friends from Transilvania Policrom\u0103 TVR Cluj\/TVR 3 who captured the moments of the 10th edition of the event in ClujnSpecial thanks to the Transilvania Policrom\u0103 team and especially to Maria Cinar-Jiga and Izabella Veibel for their support and presence every time Voici une vid\u00e9o r\u00e9alis\u00e9e par nos amis de Transilvania Policrom\u0103 TVR Cluj\/TVR 3 qui ont captur\u00e9 les moments de la 10e \u00e9dition de l&#8217;\u00e9v\u00e9nement \u00e0 ClujSpeciales remerciements \u00e0 toute l&#8217;\u00e9quipe de Transilvania Policrom\u0103 et surtout \u00e0 Maria Cinar-Jiga et Izabella Veibel pour leur soutien et leur pr\u00e9sence \u00e0 chaque fois<\/p>\n","protected":false},"author":1,"featured_media":518,"comment_status":"open","ping_status":"open","sticky":false,"template":"","format":"standard","meta":{"footnotes":""},"categories":[6,4,7],"tags":[],"class_list":["post-571","post","type-post","status-publish","format-standard","has-post-thumbnail","hentry","category-comunitatea-africana-cluj","category-grupul-de-partenriat-african","category-ziua-africii"],"_links":{"self":[{"href":"https:\/\/african.ro\/index.php?rest_route=\/wp\/v2\/posts\/571","targetHints":{"allow":["GET"]}}],"collection":[{"href":"https:\/\/african.ro\/index.php?rest_route=\/wp\/v2\/posts"}],"about":[{"href":"https:\/\/african.ro\/index.php?rest_route=\/wp\/v2\/types\/post"}],"author":[{"embeddable":true,"href":"https:\/\/african.ro\/index.php?rest_route=\/wp\/v2\/users\/1"}],"replies":[{"embeddable":true,"href":"https:\/\/african.ro\/index.php?rest_route=%2Fwp%2Fv2%2Fcomments&post=571"}],"version-history":[{"count":1,"href":"https:\/\/african.ro\/index.php?rest_route=\/wp\/v2\/posts\/571\/revisions"}],"predecessor-version":[{"id":572,"href":"https:\/\/african.ro\/index.php?rest_route=\/wp\/v2\/posts\/571\/revisions\/572"}],"wp:featuredmedia":[{"embeddable":true,"href":"https:\/\/african.ro\/index.php?rest_route=\/wp\/v2\/media\/518"}],"wp:attachment":[{"href":"https:\/\/african.ro\/index.php?rest_route=%2Fwp%2Fv2%2Fmedia&parent=571"}],"wp:term":[{"taxonomy":"category","embeddable":true,"href":"https:\/\/african.ro\/index.php?rest_route=%2Fwp%2Fv2%2Fcategories&post=571"},{"taxonomy":"post_tag","embeddable":true,"href":"https:\/\/african.ro\/index.php?rest_route=%2Fwp%2Fv2%2Ftags&post=571"}],"curies":[{"name":"wp","href":"https:\/\/api.w.org\/{rel}","templated":true}]}}